{"id":205,"date":"2025-09-11T20:44:56","date_gmt":"2025-09-11T20:44:56","guid":{"rendered":"https:\/\/akademikkamp.org\/7.\/?p=205"},"modified":"2025-09-16T08:34:50","modified_gmt":"2025-09-16T08:34:50","slug":"dr-ogr-uyesi-sitki-guner","status":"publish","type":"post","link":"https:\/\/akademikkamp.org\/7.\/?p=205","title":{"rendered":"Dr. \u00d6\u011fr. \u00dcyesi S\u0131tk\u0131 G\u00fcner"},"content":{"rendered":"<p><span style=\"font-weight: 400;\">Dr. \u00d6\u011fr. \u00dcyesi S\u0131tk\u0131 G\u00fcner, lisans ve y\u00fcksek lisans e\u011fitimini Bah\u00e7e\u015fehir \u00dcniversitesi\u2019nde tamamlad\u0131ktan sonra, doktora derecesini \u0130stanbul Teknik \u00dcniversitesi\u2019nde alm\u0131\u015ft\u0131r. Akademik ve bilimsel \u00e7al\u0131\u015fmalar\u0131n\u0131 elektrikli ara\u00e7lar, enerji sistemleri, do\u011frudan enerji d\u00f6n\u00fc\u015f\u00fcm\u00fc, enerji depolama teknolojileri, g\u00fc\u00e7 sistemlerinin analizi ile enerji \u00fcretimi, iletimi ve da\u011f\u0131t\u0131m\u0131 \u00fczerine yo\u011funla\u015ft\u0131ran G\u00fcner, \u00f6zellikle yenilenebilir enerji kaynaklar\u0131n\u0131n entegrasyonu ve s\u00fcrd\u00fcr\u00fclebilir enerji \u00e7\u00f6z\u00fcmleri \u00fczerine ara\u015ft\u0131rmalar y\u00fcr\u00fctmektedir. G\u00fcner, h\u00e2len Akdeniz \u00dcniversitesi M\u00fchendislik Fak\u00fcltesi Elektrik-Elektronik M\u00fchendisli\u011fi B\u00f6l\u00fcm\u00fc\u2019nde Dr. \u00d6\u011fr. \u00dcyesi olarak g\u00f6revini s\u00fcrd\u00fcrmektedir.<\/span><\/p>\n","protected":false},"excerpt":{"rendered":"<p>Dr. \u00d6\u011fr. \u00dcyesi S\u0131tk\u0131 G\u00fcner, lisans ve y\u00fcksek lisans e\u011fitimini Bah\u00e7e\u015fehir \u00dcniversitesi\u2019nde tamamlad\u0131ktan sonra, doktora derecesini \u0130stanbul Teknik \u00dcniversitesi\u2019nde alm\u0131\u015ft\u0131r. Akademik ve bilimsel \u00e7al\u0131\u015fmalar\u0131n\u0131 elektrikli ara\u00e7lar, enerji sistemleri, do\u011frudan enerji d\u00f6n\u00fc\u015f\u00fcm\u00fc, enerji depolama teknolojileri, g\u00fc\u00e7 sistemlerinin analizi ile enerji \u00fcretimi, iletimi ve da\u011f\u0131t\u0131m\u0131 \u00fczerine yo\u011funla\u015ft\u0131ran G\u00fcner, \u00f6zellikle yenilenebilir enerji kaynaklar\u0131n\u0131n entegrasyonu ve s\u00fcrd\u00fcr\u00fclebilir enerji \u00e7\u00f6z\u00fcmleri [&hellip;]<\/p>\n","protected":false},"author":1,"featured_media":250,"comment_status":"open","ping_status":"open","sticky":false,"template":"","format":"standard","meta":{"footnotes":""},"categories":[8],"tags":[],"class_list":["post-205","post","type-post","status-publish","format-standard","has-post-thumbnail","hentry","category-konusmacilar"],"_links":{"self":[{"href":"https:\/\/akademikkamp.org\/7.\/index.php?rest_route=\/wp\/v2\/posts\/205","targetHints":{"allow":["GET"]}}],"collection":[{"href":"https:\/\/akademikkamp.org\/7.\/index.php?rest_route=\/wp\/v2\/posts"}],"about":[{"href":"https:\/\/akademikkamp.org\/7.\/index.php?rest_route=\/wp\/v2\/types\/post"}],"author":[{"embeddable":true,"href":"https:\/\/akademikkamp.org\/7.\/index.php?rest_route=\/wp\/v2\/users\/1"}],"replies":[{"embeddable":true,"href":"https:\/\/akademikkamp.org\/7.\/index.php?rest_route=%2Fwp%2Fv2%2Fcomments&post=205"}],"version-history":[{"count":1,"href":"https:\/\/akademikkamp.org\/7.\/index.php?rest_route=\/wp\/v2\/posts\/205\/revisions"}],"predecessor-version":[{"id":206,"href":"https:\/\/akademikkamp.org\/7.\/index.php?rest_route=\/wp\/v2\/posts\/205\/revisions\/206"}],"wp:featuredmedia":[{"embeddable":true,"href":"https:\/\/akademikkamp.org\/7.\/index.php?rest_route=\/wp\/v2\/media\/250"}],"wp:attachment":[{"href":"https:\/\/akademikkamp.org\/7.\/index.php?rest_route=%2Fwp%2Fv2%2Fmedia&parent=205"}],"wp:term":[{"taxonomy":"category","embeddable":true,"href":"https:\/\/akademikkamp.org\/7.\/index.php?rest_route=%2Fwp%2Fv2%2Fcategories&post=205"},{"taxonomy":"post_tag","embeddable":true,"href":"https:\/\/akademikkamp.org\/7.\/index.php?rest_route=%2Fwp%2Fv2%2Ftags&post=205"}],"curies":[{"name":"wp","href":"https:\/\/api.w.org\/{rel}","templated":true}]}}