{"id":215,"date":"2025-09-11T20:41:00","date_gmt":"2025-09-11T20:41:00","guid":{"rendered":"https:\/\/akademikkamp.org\/7.\/?p=215"},"modified":"2025-09-16T08:32:11","modified_gmt":"2025-09-16T08:32:11","slug":"doc-dr-ali-agcal","status":"publish","type":"post","link":"https:\/\/akademikkamp.org\/7.\/?p=215","title":{"rendered":"Do\u00e7. Dr. Ali A\u011f\u00e7al"},"content":{"rendered":"<p><span style=\"font-weight: 400;\">Do\u00e7. Dr. Ali A\u011f\u00e7al, S\u00fcleyman Demirel \u00dcniversitesi M\u00fchendislik ve Do\u011fa Bilimleri Fak\u00fcltesi Elektrik-Elektronik M\u00fchendisli\u011fi B\u00f6l\u00fcm\u00fc\u2019nde \u00f6\u011fretim \u00fcyesi olarak g\u00f6rev yapmaktad\u0131r. Lisans e\u011fitimini 2011 y\u0131l\u0131nda Y\u0131ld\u0131z Teknik \u00dcniversitesi Elektrik M\u00fchendisli\u011fi b\u00f6l\u00fcm\u00fcnde tamamlayan A\u011f\u00e7al, ayn\u0131 \u00fcniversitede Elektrik Makineleri ve G\u00fc\u00e7 Elektroni\u011fi alan\u0131nda tezli y\u00fcksek lisans\u0131n\u0131 2014 y\u0131l\u0131nda, doktora derecesini ise 2018 y\u0131l\u0131nda alm\u0131\u015ft\u0131r. Akademik \u00e7al\u0131\u015fmalar\u0131 kapsam\u0131nda elektrik makineleri, g\u00fc\u00e7 elektroni\u011fi ve ilgili uygulamal\u0131 ara\u015ft\u0131rmalara odaklanm\u0131\u015ft\u0131r. <\/span><\/p>\n","protected":false},"excerpt":{"rendered":"<p>Do\u00e7. Dr. Ali A\u011f\u00e7al, S\u00fcleyman Demirel \u00dcniversitesi M\u00fchendislik ve Do\u011fa Bilimleri Fak\u00fcltesi Elektrik-Elektronik M\u00fchendisli\u011fi B\u00f6l\u00fcm\u00fc\u2019nde \u00f6\u011fretim \u00fcyesi olarak g\u00f6rev yapmaktad\u0131r. Lisans e\u011fitimini 2011 y\u0131l\u0131nda Y\u0131ld\u0131z Teknik \u00dcniversitesi Elektrik M\u00fchendisli\u011fi b\u00f6l\u00fcm\u00fcnde tamamlayan A\u011f\u00e7al, ayn\u0131 \u00fcniversitede Elektrik Makineleri ve G\u00fc\u00e7 Elektroni\u011fi alan\u0131nda tezli y\u00fcksek lisans\u0131n\u0131 2014 y\u0131l\u0131nda, doktora derecesini ise 2018 y\u0131l\u0131nda alm\u0131\u015ft\u0131r. Akademik \u00e7al\u0131\u015fmalar\u0131 kapsam\u0131nda elektrik [&hellip;]<\/p>\n","protected":false},"author":1,"featured_media":255,"comment_status":"open","ping_status":"open","sticky":false,"template":"","format":"standard","meta":{"footnotes":""},"categories":[8],"tags":[],"class_list":["post-215","post","type-post","status-publish","format-standard","has-post-thumbnail","hentry","category-konusmacilar"],"_links":{"self":[{"href":"https:\/\/akademikkamp.org\/7.\/index.php?rest_route=\/wp\/v2\/posts\/215","targetHints":{"allow":["GET"]}}],"collection":[{"href":"https:\/\/akademikkamp.org\/7.\/index.php?rest_route=\/wp\/v2\/posts"}],"about":[{"href":"https:\/\/akademikkamp.org\/7.\/index.php?rest_route=\/wp\/v2\/types\/post"}],"author":[{"embeddable":true,"href":"https:\/\/akademikkamp.org\/7.\/index.php?rest_route=\/wp\/v2\/users\/1"}],"replies":[{"embeddable":true,"href":"https:\/\/akademikkamp.org\/7.\/index.php?rest_route=%2Fwp%2Fv2%2Fcomments&post=215"}],"version-history":[{"count":1,"href":"https:\/\/akademikkamp.org\/7.\/index.php?rest_route=\/wp\/v2\/posts\/215\/revisions"}],"predecessor-version":[{"id":216,"href":"https:\/\/akademikkamp.org\/7.\/index.php?rest_route=\/wp\/v2\/posts\/215\/revisions\/216"}],"wp:featuredmedia":[{"embeddable":true,"href":"https:\/\/akademikkamp.org\/7.\/index.php?rest_route=\/wp\/v2\/media\/255"}],"wp:attachment":[{"href":"https:\/\/akademikkamp.org\/7.\/index.php?rest_route=%2Fwp%2Fv2%2Fmedia&parent=215"}],"wp:term":[{"taxonomy":"category","embeddable":true,"href":"https:\/\/akademikkamp.org\/7.\/index.php?rest_route=%2Fwp%2Fv2%2Fcategories&post=215"},{"taxonomy":"post_tag","embeddable":true,"href":"https:\/\/akademikkamp.org\/7.\/index.php?rest_route=%2Fwp%2Fv2%2Ftags&post=215"}],"curies":[{"name":"wp","href":"https:\/\/api.w.org\/{rel}","templated":true}]}}