{"id":71,"date":"2025-07-25T08:20:33","date_gmt":"2025-07-25T08:20:33","guid":{"rendered":"https:\/\/akademikkamp.org\/7.\/?p=71"},"modified":"2025-09-16T09:18:37","modified_gmt":"2025-09-16T09:18:37","slug":"neden-akademik-kamp","status":"publish","type":"post","link":"https:\/\/akademikkamp.org\/7.\/?p=71","title":{"rendered":"Neden Akademik Kamp?"},"content":{"rendered":"<p><strong>Kampa neden kat\u0131lmak istedi\u011fini anlatan bir kat\u0131l\u0131mc\u0131n\u0131n d\u00fc\u015f\u00fcnceleri<\/strong><\/p>\n<p>\u201cKat\u0131ld\u0131\u011f\u0131m 1. EMO Akademik Kamp Sinyal ve G\u00f6r\u00fcnt\u00fc \u0130\u015flemede Son Geli\u015fmeler Kamp\u0131, benim i\u00e7in \u00e7ok b\u00fcy\u00fck bir d\u00f6n\u00fcm noktas\u0131 oldu. Amerika\u2019dan d\u00f6neli 1 sene olmu\u015ftu ve \u00f6zel bir \u015firkette Ar-Ge m\u00fchendisi olarak \u00e7al\u0131\u015fmaktayd\u0131m. Kampta kat\u0131ld\u0131\u011f\u0131m seminerler, tan\u0131\u015ft\u0131\u011f\u0131m hocalar ve arkada\u015flar sayesinde okula yeniden d\u00f6nmem gerekti\u011fini ve ancak daha \u00e7ok \u00f6\u011frenerek ve ara\u015ft\u0131rarak mutlu olabilece\u011fimi fark ettim. Ard\u0131ndan i\u015ften ayr\u0131ld\u0131m ve Bo\u011fazi\u00e7i \u00dcniversitesinde y\u00fcksek lisansa ba\u015flad\u0131m. \u015eu anda sevdi\u011fim bir konu \u00fczerinde \u00e7al\u0131\u015f\u0131yorum ve eskisinden \u00e7ok daha mutluyum. D\u00fczenlenen birinci kampa kat\u0131lmasayd\u0131m, ne bu karar\u0131 verecek cesareti kendimde bulabilir, ne de hala g\u00f6r\u00fc\u015ft\u00fc\u011f\u00fcm arkada\u015flar\u0131ma sahip olabilirdim. Bunun yan\u0131 s\u0131ra \u015fu anda i\u015flevsel manyetik rezonans g\u00f6r\u00fcnt\u00fcleme (fMRI) \u00fczerine bir projede \u00e7al\u0131\u015ft\u0131\u011f\u0131m ve tezimi de bu konu \u00fczerine yapmak istedi\u011fim i\u00e7in, bu akademik kampta kat\u0131laca\u011f\u0131m konu\u015fmalar\u0131n bana \u00e7ok b\u00fcy\u00fck bir fayda sa\u011flayaca\u011f\u0131n\u0131 d\u00fc\u015f\u00fcn\u00fcyorum.\u201d<\/p>\n","protected":false},"excerpt":{"rendered":"<p>Kampa neden kat\u0131lmak istedi\u011fini anlatan bir kat\u0131l\u0131mc\u0131n\u0131n d\u00fc\u015f\u00fcnceleri \u201cKat\u0131ld\u0131\u011f\u0131m 1. EMO Akademik Kamp Sinyal ve G\u00f6r\u00fcnt\u00fc \u0130\u015flemede Son Geli\u015fmeler Kamp\u0131, benim i\u00e7in \u00e7ok b\u00fcy\u00fck bir d\u00f6n\u00fcm noktas\u0131 oldu. Amerika\u2019dan d\u00f6neli 1 sene olmu\u015ftu ve \u00f6zel bir \u015firkette Ar-Ge m\u00fchendisi olarak \u00e7al\u0131\u015fmaktayd\u0131m. Kampta kat\u0131ld\u0131\u011f\u0131m seminerler, tan\u0131\u015ft\u0131\u011f\u0131m hocalar ve arkada\u015flar sayesinde okula yeniden d\u00f6nmem gerekti\u011fini ve ancak [&hellip;]<\/p>\n","protected":false},"author":1,"featured_media":386,"comment_status":"open","ping_status":"open","sticky":false,"template":"","format":"standard","meta":{"footnotes":""},"categories":[4],"tags":[],"class_list":["post-71","post","type-post","status-publish","format-standard","has-post-thumbnail","hentry","category-emo-7-akademik-kamp"],"_links":{"self":[{"href":"https:\/\/akademikkamp.org\/7.\/index.php?rest_route=\/wp\/v2\/posts\/71","targetHints":{"allow":["GET"]}}],"collection":[{"href":"https:\/\/akademikkamp.org\/7.\/index.php?rest_route=\/wp\/v2\/posts"}],"about":[{"href":"https:\/\/akademikkamp.org\/7.\/index.php?rest_route=\/wp\/v2\/types\/post"}],"author":[{"embeddable":true,"href":"https:\/\/akademikkamp.org\/7.\/index.php?rest_route=\/wp\/v2\/users\/1"}],"replies":[{"embeddable":true,"href":"https:\/\/akademikkamp.org\/7.\/index.php?rest_route=%2Fwp%2Fv2%2Fcomments&post=71"}],"version-history":[{"count":1,"href":"https:\/\/akademikkamp.org\/7.\/index.php?rest_route=\/wp\/v2\/posts\/71\/revisions"}],"predecessor-version":[{"id":72,"href":"https:\/\/akademikkamp.org\/7.\/index.php?rest_route=\/wp\/v2\/posts\/71\/revisions\/72"}],"wp:featuredmedia":[{"embeddable":true,"href":"https:\/\/akademikkamp.org\/7.\/index.php?rest_route=\/wp\/v2\/media\/386"}],"wp:attachment":[{"href":"https:\/\/akademikkamp.org\/7.\/index.php?rest_route=%2Fwp%2Fv2%2Fmedia&parent=71"}],"wp:term":[{"taxonomy":"category","embeddable":true,"href":"https:\/\/akademikkamp.org\/7.\/index.php?rest_route=%2Fwp%2Fv2%2Fcategories&post=71"},{"taxonomy":"post_tag","embeddable":true,"href":"https:\/\/akademikkamp.org\/7.\/index.php?rest_route=%2Fwp%2Fv2%2Ftags&post=71"}],"curies":[{"name":"wp","href":"https:\/\/api.w.org\/{rel}","templated":true}]}}